{"id":1883,"date":"2019-07-31T10:37:13","date_gmt":"2019-07-31T10:37:13","guid":{"rendered":"https:\/\/lavidaiberica.com\/index.php\/2019\/07\/31\/vinos-de-lisboa\/"},"modified":"2019-07-31T10:37:13","modified_gmt":"2019-07-31T10:37:13","slug":"vinos-de-lisboa","status":"publish","type":"post","link":"https:\/\/lavidaiberica.com\/pt\/vinos-de-lisboa\/","title":{"rendered":"Vinos de Lisboa"},"content":{"rendered":"<p>Concurso de Vinos de Lisboa 2019<\/p>\n<p><img fetchpriority=\"high\" decoding=\"async\" class=\"wp-image-992 alignleft\" src=\"https:\/\/lavidaiberica.com\/wp-content\/uploads\/2019\/07\/Concurso-Vinhos-de-Lisboa-2019.-Jurado.--1024x768.jpg\" alt=\"\" width=\"589\" height=\"442\"><\/p>\n<p>&nbsp;<\/p>\n<p>&nbsp;<\/p>\n<p>&nbsp;<\/p>\n<p>&nbsp;<\/p>\n<p>&nbsp;<\/p>\n<p>&nbsp;<\/p>\n<p>&nbsp;<\/p>\n<p>&nbsp;<\/p>\n<p>&nbsp;<\/p>\n<p>Concurso de Vinos de Lisboa 2019. Foto del Jurado de cata.<\/p>\n<p style=\"text-align: justify;\">El mes de Julio que hoy acaba comenz\u00f3 con la magn\u00edfica convivencia de cata acontecida durante el Concurso de Vinos de Lisboa 2019, celebrado en las excelentes instalaciones del hotel Dolce Campo Real de Torres Vedras.<\/p>\n<p style=\"text-align: justify;\">Antes de zambullirnos de lleno en Agosto, compartimos un resumen de lo aprendido y enviamos en primer lugar, un afectuoso agradecimiento al premiado en\u00f3logo portugu\u00e9s Ant\u00f3nio Ventura, por su atenta invitaci\u00f3n a formar parte del jurado en esta edici\u00f3n.<\/p>\n<p style=\"text-align: justify;\">Los vinos de Lisboa antiguamente eran llamados, en funci\u00f3n a la procedencia de su regi\u00f3n, vinos de Estremadura. El cambio de nombre a Vinos de Lisboa, ha sido sin duda reconocido y celebrado, especialmente en cuanto a posicionamiento de mercado nacional y de exportaci\u00f3n.<\/p>\n<p style=\"text-align: justify;\">Los vinos de Lisboa son vinos de mar y monta\u00f1a, con precioso paisaje junto a la capital de Portugal, en el que destaca la presencia constante de humedad mar\u00edtima y un conjunto de sierras en paralelo al mar (Serra de Sintra, de Montejunto, de los Candeeiros y Serra de Aire).<\/p>\n<p style=\"text-align: justify;\">Es un placer visitar, al lado de la ciudad de Lisboa, las hist\u00f3ricas y singulares Denominaciones de Origen de Carcavelos, Bucelas y Colares, y esto es posible a d\u00eda de hoy gracias a la perseverancia de algunos productores locales que heroicamente han sabido salvarlas del peligro de extinci\u00f3n derivado de la urbanizaci\u00f3n del territorio.<\/p>\n<p style=\"text-align: justify;\">Entre valles y colinas est\u00e1n las siempre llenas de hospitalidad \u201cQuintas\u201d de Alenquer, la DOC Arruda y Torres Vedras, esta \u00faltima comparti\u00f3 Capital Europea del Vino con Alenquer el pasado a\u00f1o 2018.<\/p>\n<p style=\"text-align: justify;\">Al norte se encuentra la DOC \u00d3bidos, con blancos y tintos espl\u00e9ndidos, y cerca la DOC Lourinh\u00e3, de exquisita calidad en la elaboraci\u00f3n de arguardiente. Alrededor de Alcoba\u00e7a (siempre recomendable la visita a su imponente monasterio) a\u00fan se hace vino cuidando el legado heredado de los monjes del Cister, en la DOC Encostas D\u2019Aire.<\/p>\n<p style=\"text-align: justify;\">En la regi\u00f3n se encuentran las m\u00e1s importantes variedades aut\u00f3ctonas portuguesas destacando en las uvas blancas la variedad Arinto, principalmente en la DOC Bucelas. De entre las \u201ccastas\u201d blancas presentes en los Vinos de Lisboa referimos as\u00ed a la Arinto, Malvas\u00eda Fina, Viosinho, Fern\u00e3o Pires, Moscatel Galego, Alvarinho, Vital, Jampal y a las for\u00e1neas Chardonnay y Sauvignon Blanc.<\/p>\n<p style=\"text-align: justify;\">En las tintas tambi\u00e9n hay una variedad aut\u00f3ctona a destacar, como es la Ramisco de Colares, pero hay otras grandes del pa\u00eds como la Touriga Nacional, Touriga Franca, Aragon\u00e9s, Castel\u00e3o, Trincadeira e internacionales como Cabernet Sauvignon, Alicante Bouschet, Merlot, Syrah, Petit Verdot, Caladoc,etc.<\/p>\n<p style=\"text-align: justify;\">El Concurso de Vinos de Lisboa 2019, organizado por la <em>Comiss\u00e3o Vitivin\u00edcola da Regi\u00e3o de Lisboa<\/em> y por la <em>Confraria dos En\u00f3filos da Estremadura \u2013 Vinhos de Lisboa <\/em>dio cabida en esta edici\u00f3n a 180 vinos en categor\u00edas de blancos, rosados, tintos, espumosos y aguardientes, con premios catalogados en 3 medallas de Excelencia, 40 de Oro y 11 de Plata.<\/p>\n<p style=\"text-align: justify;\">El recientemente nombrado Presidente del CVR Lisboa, Francisco Toscano Rico, asume el reto contagiando un entusiasmo confiado en la calidad y diversidad de unos vinos que crecen en ventas m\u00e1s de un 20% anual y cuya exportaci\u00f3n representa m\u00e1s del 80% de la producci\u00f3n. A lo que sumamos que las proyecciones para este final de a\u00f1o superan el record alcanzado el pasado, en cuanto a volumen de vino certificado y auguran el aumento de exportaciones en m\u00e1s de un 50%.<\/p>\n<p style=\"text-align: justify;\">Los Vinos de Lisboa en la categor\u00eda de \u201cExcelentes\u201d del a\u00f1o fueron un tinto de Syrah, un blanco de Alvarinho y un blanco de cosecha tard\u00eda.&nbsp;<\/p>\n<p>Zavial Syrah Reserva tinto 2015 (Vidigal Wines)<br \/>\nP\u00e1gina Alvarinho Escolha branco 2018 (Romana Vini)<br \/>\nQuinta do Convento de N.\u00aa Sr.\u00aa da Visita\u00e7\u00e3o Colheita Tardia 2015 (Quinta do Convento da Visita\u00e7\u00e3o)<\/p>\n<p style=\"text-align: justify;\">Adem\u00e1s fueron atribuidas numerosas medallas de Oro, 15 para la categor\u00eda de los tintos, 1 para rosado y 22 para blancos (que inclu\u00edan un vino de licor y un \u201cvinho leve\u201d, propio de la regi\u00f3n) y 2 para aguardientes. Hubo tambi\u00e9n 11 medallas de plata.<\/p>\n<p style=\"text-align: justify;\">Dejamos imagen de dos de los vinos ganadores con fondo de paisaje de la regi\u00f3n de Lisboa. Foto autor\u00eda de la revista de vinos de Portugal, Grandes Escolhas.<\/p>\n<p><img decoding=\"async\" class=\"aligncenter size-full wp-image-993\" src=\"https:\/\/lavidaiberica.com\/wp-content\/uploads\/2019\/07\/Concurso-CVR-Lisboa-2019-vencedores-com-vinha-em-fundo_bx.jpg\" alt=\"\" width=\"992\" height=\"661\"><\/p>","protected":false},"excerpt":{"rendered":"<p>Concurso de Vinos de Lisboa 2019 &nbsp; &nbsp; &nbsp; &nbsp; &nbsp; &nbsp; &nbsp; &nbsp; &nbsp; Concurso de Vinos de Lisboa 2019. Foto del Jurado de cata. El mes de Julio que hoy acaba comenz\u00f3 con la magn\u00edfica convivencia de cata acontecida durante el Concurso de Vinos de Lisboa 2019, celebrado en las excelentes instalaciones del [&hellip;]<\/p>\n","protected":false},"author":2,"featured_media":992,"comment_status":"open","ping_status":"open","sticky":false,"template":"","format":"standard","meta":{"site-sidebar-layout":"default","site-content-layout":"","ast-site-content-layout":"default","site-content-style":"default","site-sidebar-style":"default","ast-global-header-display":"","ast-banner-title-visibility":"","ast-main-header-display":"","ast-hfb-above-header-display":"","ast-hfb-below-header-display":"","ast-hfb-mobile-header-display":"","site-post-title":"","ast-breadcrumbs-content":"","ast-featured-img":"","footer-sml-layout":"","ast-disable-related-posts":"","theme-transparent-header-meta":"","adv-header-id-meta":"","stick-header-meta":"","header-above-stick-meta":"","header-main-stick-meta":"","header-below-stick-meta":"","astra-migrate-meta-layouts":"default","ast-page-background-enabled":"default","ast-page-background-meta":{"desktop":{"background-color":"","background-image":"","background-repeat":"repeat","background-position":"center center","background-size":"auto","background-attachment":"scroll","background-type":"","background-media":"","overlay-type":"","overlay-color":"","overlay-opacity":"","overlay-gradient":""},"tablet":{"background-color":"","background-image":"","background-repeat":"repeat","background-position":"center center","background-size":"auto","background-attachment":"scroll","background-type":"","background-media":"","overlay-type":"","overlay-color":"","overlay-opacity":"","overlay-gradient":""},"mobile":{"background-color":"","background-image":"","background-repeat":"repeat","background-position":"center center","background-size":"auto","background-attachment":"scroll","background-type":"","background-media":"","overlay-type":"","overlay-color":"","overlay-opacity":"","overlay-gradient":""}},"ast-content-background-meta":{"desktop":{"background-color":"var(--ast-global-color-5)","background-image":"","background-repeat":"repeat","background-position":"center center","background-size":"auto","background-attachment":"scroll","background-type":"","background-media":"","overlay-type":"","overlay-color":"","overlay-opacity":"","overlay-gradient":""},"tablet":{"background-color":"var(--ast-global-color-5)","background-image":"","background-repeat":"repeat","background-position":"center center","background-size":"auto","background-attachment":"scroll","background-type":"","background-media":"","overlay-type":"","overlay-color":"","overlay-opacity":"","overlay-gradient":""},"mobile":{"background-color":"var(--ast-global-color-5)","background-image":"","background-repeat":"repeat","background-position":"center center","background-size":"auto","background-attachment":"scroll","background-type":"","background-media":"","overlay-type":"","overlay-color":"","overlay-opacity":"","overlay-gradient":""}},"_joinchat":[],"footnotes":""},"categories":[16],"tags":[],"class_list":["post-1883","post","type-post","status-publish","format-standard","has-post-thumbnail","hentry","category-blog"],"yoast_head":"<!-- This site is optimized with the Yoast SEO plugin v27.5 - https:\/\/yoast.com\/product\/yoast-seo-wordpress\/ -->\n<title>Vinos de Lisboa - La Vida Ib\u00e9rica<\/title>\n<meta name=\"robots\" content=\"index, follow, max-snippet:-1, max-image-preview:large, max-video-preview:-1\" \/>\n<link rel=\"canonical\" href=\"https:\/\/lavidaiberica.com\/pt\/vinos-de-lisboa\/\" \/>\n<meta property=\"og:locale\" content=\"pt_PT\" \/>\n<meta property=\"og:type\" content=\"article\" \/>\n<meta property=\"og:title\" content=\"Vinos de Lisboa - La Vida Ib\u00e9rica\" \/>\n<meta property=\"og:description\" content=\"Concurso de Vinos de Lisboa 2019 &nbsp; &nbsp; &nbsp; &nbsp; &nbsp; &nbsp; &nbsp; &nbsp; &nbsp; Concurso de Vinos de Lisboa 2019. Foto del Jurado de cata. El mes de Julio que hoy acaba comenz\u00f3 con la magn\u00edfica convivencia de cata acontecida durante el Concurso de Vinos de Lisboa 2019, celebrado en las excelentes instalaciones del [&hellip;]\" \/>\n<meta property=\"og:url\" content=\"https:\/\/lavidaiberica.com\/pt\/vinos-de-lisboa\/\" \/>\n<meta property=\"og:site_name\" content=\"La Vida Ib\u00e9rica\" \/>\n<meta property=\"article:published_time\" content=\"2019-07-31T10:37:13+00:00\" \/>\n<meta name=\"author\" content=\"Sara Pe\u00f1as\" \/>\n<meta name=\"twitter:card\" content=\"summary_large_image\" \/>\n<meta name=\"twitter:label1\" content=\"Escrito por\" \/>\n\t<meta name=\"twitter:data1\" content=\"Sara Pe\u00f1as\" \/>\n\t<meta name=\"twitter:label2\" content=\"Tempo estimado de leitura\" \/>\n\t<meta name=\"twitter:data2\" content=\"4 minutos\" \/>\n<script type=\"application\/ld+json\" class=\"yoast-schema-graph\">{\"@context\":\"https:\\\/\\\/schema.org\",\"@graph\":[{\"@type\":\"Article\",\"@id\":\"https:\\\/\\\/lavidaiberica.com\\\/vinos-de-lisboa\\\/#article\",\"isPartOf\":{\"@id\":\"https:\\\/\\\/lavidaiberica.com\\\/vinos-de-lisboa\\\/\"},\"author\":{\"name\":\"Sara Pe\u00f1as\",\"@id\":\"https:\\\/\\\/lavidaiberica.com\\\/#\\\/schema\\\/person\\\/36053a18f3a7d073f5d9a6e470b61ce6\"},\"headline\":\"Vinos de Lisboa\",\"datePublished\":\"2019-07-31T10:37:13+00:00\",\"mainEntityOfPage\":{\"@id\":\"https:\\\/\\\/lavidaiberica.com\\\/vinos-de-lisboa\\\/\"},\"wordCount\":747,\"commentCount\":0,\"publisher\":{\"@id\":\"https:\\\/\\\/lavidaiberica.com\\\/#organization\"},\"image\":{\"@id\":\"https:\\\/\\\/lavidaiberica.com\\\/vinos-de-lisboa\\\/#primaryimage\"},\"thumbnailUrl\":\"\",\"articleSection\":[\"Blog\"],\"inLanguage\":\"pt-PT\",\"potentialAction\":[{\"@type\":\"CommentAction\",\"name\":\"Comment\",\"target\":[\"https:\\\/\\\/lavidaiberica.com\\\/vinos-de-lisboa\\\/#respond\"]}]},{\"@type\":\"WebPage\",\"@id\":\"https:\\\/\\\/lavidaiberica.com\\\/vinos-de-lisboa\\\/\",\"url\":\"https:\\\/\\\/lavidaiberica.com\\\/vinos-de-lisboa\\\/\",\"name\":\"Vinos de Lisboa - La Vida Ib\u00e9rica\",\"isPartOf\":{\"@id\":\"https:\\\/\\\/lavidaiberica.com\\\/#website\"},\"primaryImageOfPage\":{\"@id\":\"https:\\\/\\\/lavidaiberica.com\\\/vinos-de-lisboa\\\/#primaryimage\"},\"image\":{\"@id\":\"https:\\\/\\\/lavidaiberica.com\\\/vinos-de-lisboa\\\/#primaryimage\"},\"thumbnailUrl\":\"\",\"datePublished\":\"2019-07-31T10:37:13+00:00\",\"breadcrumb\":{\"@id\":\"https:\\\/\\\/lavidaiberica.com\\\/vinos-de-lisboa\\\/#breadcrumb\"},\"inLanguage\":\"pt-PT\",\"potentialAction\":[{\"@type\":\"ReadAction\",\"target\":[\"https:\\\/\\\/lavidaiberica.com\\\/vinos-de-lisboa\\\/\"]}]},{\"@type\":\"ImageObject\",\"inLanguage\":\"pt-PT\",\"@id\":\"https:\\\/\\\/lavidaiberica.com\\\/vinos-de-lisboa\\\/#primaryimage\",\"url\":\"\",\"contentUrl\":\"\"},{\"@type\":\"BreadcrumbList\",\"@id\":\"https:\\\/\\\/lavidaiberica.com\\\/vinos-de-lisboa\\\/#breadcrumb\",\"itemListElement\":[{\"@type\":\"ListItem\",\"position\":1,\"name\":\"Portada\",\"item\":\"https:\\\/\\\/lavidaiberica.com\\\/\"},{\"@type\":\"ListItem\",\"position\":2,\"name\":\"Vinos de Lisboa\"}]},{\"@type\":\"WebSite\",\"@id\":\"https:\\\/\\\/lavidaiberica.com\\\/#website\",\"url\":\"https:\\\/\\\/lavidaiberica.com\\\/\",\"name\":\"La Vida Ib\u00e9rica\",\"description\":\"EnoMarketing Digital | Consultor\u00eda Gastron\u00f3mica Ib\u00e9rica\",\"publisher\":{\"@id\":\"https:\\\/\\\/lavidaiberica.com\\\/#organization\"},\"potentialAction\":[{\"@type\":\"SearchAction\",\"target\":{\"@type\":\"EntryPoint\",\"urlTemplate\":\"https:\\\/\\\/lavidaiberica.com\\\/?s={search_term_string}\"},\"query-input\":{\"@type\":\"PropertyValueSpecification\",\"valueRequired\":true,\"valueName\":\"search_term_string\"}}],\"inLanguage\":\"pt-PT\"},{\"@type\":\"Organization\",\"@id\":\"https:\\\/\\\/lavidaiberica.com\\\/#organization\",\"name\":\"La Vida Ib\u00e9rica\",\"url\":\"https:\\\/\\\/lavidaiberica.com\\\/\",\"logo\":{\"@type\":\"ImageObject\",\"inLanguage\":\"pt-PT\",\"@id\":\"https:\\\/\\\/lavidaiberica.com\\\/#\\\/schema\\\/logo\\\/image\\\/\",\"url\":\"https:\\\/\\\/lavidaiberica.com\\\/wp-content\\\/uploads\\\/2021\\\/10\\\/logo.png\",\"contentUrl\":\"https:\\\/\\\/lavidaiberica.com\\\/wp-content\\\/uploads\\\/2021\\\/10\\\/logo.png\",\"width\":1772,\"height\":1772,\"caption\":\"La Vida Ib\u00e9rica\"},\"image\":{\"@id\":\"https:\\\/\\\/lavidaiberica.com\\\/#\\\/schema\\\/logo\\\/image\\\/\"}},{\"@type\":\"Person\",\"@id\":\"https:\\\/\\\/lavidaiberica.com\\\/#\\\/schema\\\/person\\\/36053a18f3a7d073f5d9a6e470b61ce6\",\"name\":\"Sara Pe\u00f1as\",\"image\":{\"@type\":\"ImageObject\",\"inLanguage\":\"pt-PT\",\"@id\":\"https:\\\/\\\/secure.gravatar.com\\\/avatar\\\/ff17aa3a101c44827bf54db55d84457d4b978bddf62153f20d45af9ad7667098?s=96&d=mm&r=g\",\"url\":\"https:\\\/\\\/secure.gravatar.com\\\/avatar\\\/ff17aa3a101c44827bf54db55d84457d4b978bddf62153f20d45af9ad7667098?s=96&d=mm&r=g\",\"contentUrl\":\"https:\\\/\\\/secure.gravatar.com\\\/avatar\\\/ff17aa3a101c44827bf54db55d84457d4b978bddf62153f20d45af9ad7667098?s=96&d=mm&r=g\",\"caption\":\"Sara Pe\u00f1as\"},\"description\":\"Sara Pe\u00f1as Lled\u00f3 es profesora en An\u00e1lisis Sensorial Vinos-AOVES y otros productos de Sumiller\u00eda homologada por la Comunidad de Madrid y CUT (Certificate in University Teaching)- Wine Educator Viniportugal-Espanha. Gestiona el sitio de noticias del vino de Espa\u00f1a y Portugal www.lavidaiberica.com y RRSS @lavidaiberica y es comunicadora en prensa vitivin\u00edcola como Vinetur y otros medios. Traductora de manuales de ense\u00f1anza del sector vitivin\u00edcola (de Portugu\u00e9s-Ingl\u00e9s a Castellano).\",\"url\":\"https:\\\/\\\/lavidaiberica.com\\\/pt\\\/author\\\/sara\\\/\"}]}<\/script>\n<!-- \/ Yoast SEO plugin. -->","yoast_head_json":{"title":"Vinos de Lisboa - La Vida Ib\u00e9rica","robots":{"index":"index","follow":"follow","max-snippet":"max-snippet:-1","max-image-preview":"max-image-preview:large","max-video-preview":"max-video-preview:-1"},"canonical":"https:\/\/lavidaiberica.com\/pt\/vinos-de-lisboa\/","og_locale":"pt_PT","og_type":"article","og_title":"Vinos de Lisboa - La Vida Ib\u00e9rica","og_description":"Concurso de Vinos de Lisboa 2019 &nbsp; &nbsp; &nbsp; &nbsp; &nbsp; &nbsp; &nbsp; &nbsp; &nbsp; Concurso de Vinos de Lisboa 2019. Foto del Jurado de cata. El mes de Julio que hoy acaba comenz\u00f3 con la magn\u00edfica convivencia de cata acontecida durante el Concurso de Vinos de Lisboa 2019, celebrado en las excelentes instalaciones del [&hellip;]","og_url":"https:\/\/lavidaiberica.com\/pt\/vinos-de-lisboa\/","og_site_name":"La Vida Ib\u00e9rica","article_published_time":"2019-07-31T10:37:13+00:00","author":"Sara Pe\u00f1as","twitter_card":"summary_large_image","twitter_misc":{"Escrito por":"Sara Pe\u00f1as","Tempo estimado de leitura":"4 minutos"},"schema":{"@context":"https:\/\/schema.org","@graph":[{"@type":"Article","@id":"https:\/\/lavidaiberica.com\/vinos-de-lisboa\/#article","isPartOf":{"@id":"https:\/\/lavidaiberica.com\/vinos-de-lisboa\/"},"author":{"name":"Sara Pe\u00f1as","@id":"https:\/\/lavidaiberica.com\/#\/schema\/person\/36053a18f3a7d073f5d9a6e470b61ce6"},"headline":"Vinos de Lisboa","datePublished":"2019-07-31T10:37:13+00:00","mainEntityOfPage":{"@id":"https:\/\/lavidaiberica.com\/vinos-de-lisboa\/"},"wordCount":747,"commentCount":0,"publisher":{"@id":"https:\/\/lavidaiberica.com\/#organization"},"image":{"@id":"https:\/\/lavidaiberica.com\/vinos-de-lisboa\/#primaryimage"},"thumbnailUrl":"","articleSection":["Blog"],"inLanguage":"pt-PT","potentialAction":[{"@type":"CommentAction","name":"Comment","target":["https:\/\/lavidaiberica.com\/vinos-de-lisboa\/#respond"]}]},{"@type":"WebPage","@id":"https:\/\/lavidaiberica.com\/vinos-de-lisboa\/","url":"https:\/\/lavidaiberica.com\/vinos-de-lisboa\/","name":"Vinos de Lisboa - La Vida Ib\u00e9rica","isPartOf":{"@id":"https:\/\/lavidaiberica.com\/#website"},"primaryImageOfPage":{"@id":"https:\/\/lavidaiberica.com\/vinos-de-lisboa\/#primaryimage"},"image":{"@id":"https:\/\/lavidaiberica.com\/vinos-de-lisboa\/#primaryimage"},"thumbnailUrl":"","datePublished":"2019-07-31T10:37:13+00:00","breadcrumb":{"@id":"https:\/\/lavidaiberica.com\/vinos-de-lisboa\/#breadcrumb"},"inLanguage":"pt-PT","potentialAction":[{"@type":"ReadAction","target":["https:\/\/lavidaiberica.com\/vinos-de-lisboa\/"]}]},{"@type":"ImageObject","inLanguage":"pt-PT","@id":"https:\/\/lavidaiberica.com\/vinos-de-lisboa\/#primaryimage","url":"","contentUrl":""},{"@type":"BreadcrumbList","@id":"https:\/\/lavidaiberica.com\/vinos-de-lisboa\/#breadcrumb","itemListElement":[{"@type":"ListItem","position":1,"name":"Portada","item":"https:\/\/lavidaiberica.com\/"},{"@type":"ListItem","position":2,"name":"Vinos de Lisboa"}]},{"@type":"WebSite","@id":"https:\/\/lavidaiberica.com\/#website","url":"https:\/\/lavidaiberica.com\/","name":"La Vida Ib\u00e9rica","description":"EnoMarketing Digital | Consultor\u00eda Gastron\u00f3mica Ib\u00e9rica","publisher":{"@id":"https:\/\/lavidaiberica.com\/#organization"},"potentialAction":[{"@type":"SearchAction","target":{"@type":"EntryPoint","urlTemplate":"https:\/\/lavidaiberica.com\/?s={search_term_string}"},"query-input":{"@type":"PropertyValueSpecification","valueRequired":true,"valueName":"search_term_string"}}],"inLanguage":"pt-PT"},{"@type":"Organization","@id":"https:\/\/lavidaiberica.com\/#organization","name":"La Vida Ib\u00e9rica","url":"https:\/\/lavidaiberica.com\/","logo":{"@type":"ImageObject","inLanguage":"pt-PT","@id":"https:\/\/lavidaiberica.com\/#\/schema\/logo\/image\/","url":"https:\/\/lavidaiberica.com\/wp-content\/uploads\/2021\/10\/logo.png","contentUrl":"https:\/\/lavidaiberica.com\/wp-content\/uploads\/2021\/10\/logo.png","width":1772,"height":1772,"caption":"La Vida Ib\u00e9rica"},"image":{"@id":"https:\/\/lavidaiberica.com\/#\/schema\/logo\/image\/"}},{"@type":"Person","@id":"https:\/\/lavidaiberica.com\/#\/schema\/person\/36053a18f3a7d073f5d9a6e470b61ce6","name":"Sara Pe\u00f1as","image":{"@type":"ImageObject","inLanguage":"pt-PT","@id":"https:\/\/secure.gravatar.com\/avatar\/ff17aa3a101c44827bf54db55d84457d4b978bddf62153f20d45af9ad7667098?s=96&d=mm&r=g","url":"https:\/\/secure.gravatar.com\/avatar\/ff17aa3a101c44827bf54db55d84457d4b978bddf62153f20d45af9ad7667098?s=96&d=mm&r=g","contentUrl":"https:\/\/secure.gravatar.com\/avatar\/ff17aa3a101c44827bf54db55d84457d4b978bddf62153f20d45af9ad7667098?s=96&d=mm&r=g","caption":"Sara Pe\u00f1as"},"description":"Sara Pe\u00f1as Lled\u00f3 \u00e9 professora de An\u00e1lise Sensorial de Vinhos, Vinhos e Vinhos &amp; Aguardentes e outros produtos de Sommelier aprovados pela Comunidade de Madrid e CUT (Certificate in University Teaching) - Wine Educator Viniportugal-Espanha. Gere o s\u00edtio de not\u00edcias de vinhos espanhol e portugu\u00eas www.lavidaiberica.com e a RRSS @lavidaiberica e \u00e9 comunicadora na imprensa de vinhos como a Vinetur e outros meios de comunica\u00e7\u00e3o. Tradutora de manuais de ensino para o sector do vinho (de portugu\u00eas-ingl\u00eas para espanhol).","url":"https:\/\/lavidaiberica.com\/pt\/author\/sara\/"}]}},"_links":{"self":[{"href":"https:\/\/lavidaiberica.com\/pt\/wp-json\/wp\/v2\/posts\/1883","targetHints":{"allow":["GET"]}}],"collection":[{"href":"https:\/\/lavidaiberica.com\/pt\/wp-json\/wp\/v2\/posts"}],"about":[{"href":"https:\/\/lavidaiberica.com\/pt\/wp-json\/wp\/v2\/types\/post"}],"author":[{"embeddable":true,"href":"https:\/\/lavidaiberica.com\/pt\/wp-json\/wp\/v2\/users\/2"}],"replies":[{"embeddable":true,"href":"https:\/\/lavidaiberica.com\/pt\/wp-json\/wp\/v2\/comments?post=1883"}],"version-history":[{"count":0,"href":"https:\/\/lavidaiberica.com\/pt\/wp-json\/wp\/v2\/posts\/1883\/revisions"}],"wp:featuredmedia":[{"embeddable":true,"href":"https:\/\/lavidaiberica.com\/pt\/wp-json\/"}],"wp:attachment":[{"href":"https:\/\/lavidaiberica.com\/pt\/wp-json\/wp\/v2\/media?parent=1883"}],"wp:term":[{"taxonomy":"category","embeddable":true,"href":"https:\/\/lavidaiberica.com\/pt\/wp-json\/wp\/v2\/categories?post=1883"},{"taxonomy":"post_tag","embeddable":true,"href":"https:\/\/lavidaiberica.com\/pt\/wp-json\/wp\/v2\/tags?post=1883"}],"curies":[{"name":"wp","href":"https:\/\/api.w.org\/{rel}","templated":true}]}}